{"id":1731,"date":"2021-06-08T21:37:08","date_gmt":"2021-06-08T21:37:08","guid":{"rendered":"https:\/\/shareforest.pt\/?p=1731"},"modified":"2021-10-23T09:18:36","modified_gmt":"2021-10-23T09:18:36","slug":"uma-gestao-partilhada-para-proteger-as-florestas-e-evitar-incendios","status":"publish","type":"post","link":"https:\/\/shareforest.pt\/en\/2021\/06\/08\/uma-gestao-partilhada-para-proteger-as-florestas-e-evitar-incendios\/","title":{"rendered":"Uma gest\u00e3o partilhada para proteger as florestas e evitar inc\u00eandios:"},"content":{"rendered":"<hr class=\"wp-block-separator\" \/>\r\n\r\n\r\n<p>E se uma gest\u00e3o participada do territ\u00f3rio e do ordenamento das florestas ajudasse a prevenir inc\u00eandios?\u00a0Esta \u00e9 a tese de partida do ShareFOREST, um projeto de investiga\u00e7\u00e3o liderado pela\u00a0Universidade de Aveiro\u00a0que se prop\u00f5e a \u201cdesenvolver e operacionalizar uma metodologia e agenda de participa\u00e7\u00e3o p\u00fablica para as Matas do Litoral\u201d, com \u201ca miss\u00e3o \u00faltima de prevenir futuros fogos\u201d.<\/p>\r\n\r\n\r\n\r\n<p>O ShareFOREST assume como principal hip\u00f3tese de investiga\u00e7\u00e3o que \u201ca participa\u00e7\u00e3o do p\u00fablico nas decis\u00f5es que afetam as florestas pode contribuir para melhores decis\u00f5es, redu\u00e7\u00e3o de conflitos, aumento da confian\u00e7a e facilidade de aprendizagem entre os diversos atores envolvidos\u201d, explica a UA, em comunicado.\u00a0A ideia para este estudo ter\u00e1 surgido na sequ\u00eancia dos inc\u00eandios de outubro de 2017 e do consequente debate alargado na sociedade civil e na agenda pol\u00edtica sobre o futuro das florestas em Portugal.<\/p>\r\n\r\n\r\n\r\n<p>A investiga\u00e7\u00e3o \u00e9 liderada por Elisabete Figueiredo, do Departamento de Ci\u00eancias Sociais, Pol\u00edticas e do Territ\u00f3rio da UA, coliderado por Eduarda Fernandes, do Instituto Polit\u00e9cnico de Leiria, e conta ainda com a participa\u00e7\u00e3o da organiza\u00e7\u00e3o n\u00e3o-governamental ambiental OIKOS. O ShareForest\u00a0ser\u00e1 acompanhado por um conselho consultivo com representantes de entidades governamentais e n\u00e3o-governamentais nacionais e especialistas na \u00e1rea das florestas e do fogo. O financiamento do projeto est\u00e1 a cargo da\u00a0FCT \u2013 Funda\u00e7\u00e3o para a Ci\u00eancia e Tecnologia.<\/p>\r\n\r\n\r\n\r\n<p>Elisabete Figueiredo acredita que, apesar de as Matas do Litoral servirem de objeto para este estudo, as metodologias a desenvolver, bem como as conclus\u00f5es a que a investiga\u00e7\u00e3o chegar, poder\u00e3o ser \u00fateis para outras \u00e1reas florestais p\u00fablicas ou privadas.<\/p>\r\n\r\n\r\n\r\n<p class=\"has-text-align-center\"><a href=\"http:\/\/www.aveiromag.pt\/2021\/03\/09\/uma-gestao-partilhada-para-proteger-as-florestas-e-evitar-incendios\/\" target=\"_blank\" rel=\"noreferrer noopener\" data-type=\"URL\">www.aveiromag.pt\/2021\/03\/09\/uma-gestao-partilhada-para-proteger-as-florestas-e-evitar-incendios\/<\/a><\/p>\r\n\r\n\r\n\r\n<p>&nbsp;<\/p>","protected":false},"excerpt":{"rendered":"","protected":false},"author":1,"featured_media":2137,"comment_status":"closed","ping_status":"closed","sticky":false,"template":"single-FullWidth.php","format":"standard","meta":{"iawp_total_views":15,"footnotes":""},"categories":[1],"tags":[],"class_list":["post-1731","post","type-post","status-publish","format-standard","has-post-thumbnail","hentry","category-noticias"],"_links":{"self":[{"href":"https:\/\/shareforest.pt\/en\/wp-json\/wp\/v2\/posts\/1731","targetHints":{"allow":["GET"]}}],"collection":[{"href":"https:\/\/shareforest.pt\/en\/wp-json\/wp\/v2\/posts"}],"about":[{"href":"https:\/\/shareforest.pt\/en\/wp-json\/wp\/v2\/types\/post"}],"author":[{"embeddable":true,"href":"https:\/\/shareforest.pt\/en\/wp-json\/wp\/v2\/users\/1"}],"replies":[{"embeddable":true,"href":"https:\/\/shareforest.pt\/en\/wp-json\/wp\/v2\/comments?post=1731"}],"version-history":[{"count":5,"href":"https:\/\/shareforest.pt\/en\/wp-json\/wp\/v2\/posts\/1731\/revisions"}],"predecessor-version":[{"id":2138,"href":"https:\/\/shareforest.pt\/en\/wp-json\/wp\/v2\/posts\/1731\/revisions\/2138"}],"wp:featuredmedia":[{"embeddable":true,"href":"https:\/\/shareforest.pt\/en\/wp-json\/wp\/v2\/media\/2137"}],"wp:attachment":[{"href":"https:\/\/shareforest.pt\/en\/wp-json\/wp\/v2\/media?parent=1731"}],"wp:term":[{"taxonomy":"category","embeddable":true,"href":"https:\/\/shareforest.pt\/en\/wp-json\/wp\/v2\/categories?post=1731"},{"taxonomy":"post_tag","embeddable":true,"href":"https:\/\/shareforest.pt\/en\/wp-json\/wp\/v2\/tags?post=1731"}],"curies":[{"name":"wp","href":"https:\/\/api.w.org\/{rel}","templated":true}]}}